{"id":34382,"date":"2016-04-04T00:00:00","date_gmt":"2016-04-03T22:00:00","guid":{"rendered":"http:\/\/www.visitliptov.sk\/2016\/04\/04\/liptovska-zima-oslnila\/"},"modified":"2022-04-20T13:52:40","modified_gmt":"2022-04-20T11:52:40","slug":"liptovska-zima-oslnila","status":"publish","type":"post","link":"https:\/\/plannervisit.krasno.dev\/pl\/2016\/04\/04\/liptovska-zima-oslnila\/","title":{"rendered":"S\u0142owacki Lipt\u00f3w podsumowa\u0142 zim\u0119"},"content":{"rendered":"<p style=\"text-align: justify\">\n<p style=\"text-align: justify\"><strong>Tegoroczny sezon zimowy charakteryzowa\u0142 si\u0119 niesta\u0142a pogod\u0105 i niedostatkiem \u015bwie\u017cego naturalnego \u015bniegu. Mimo to na s\u0142owackim Liptowie s\u0105 zadowoleni z zimy \u2013 tury\u015bci dopisali, najwi\u0119cej ze S\u0142owacji i Czech.<\/strong><\/p>\n<p style=\"text-align: justify\">Najwi\u0119cej dla promocji regionu znaczy\u0142 oczywi\u015bcie powr\u00f3t do Jasnej po trzydziestu latach Pucharu \u015bwiata w narciarstwie alpejskim kobiet i udany start w nim dw\u00f3ch S\u0142owaczek: Veroniki Velez-Zuzulovej oraz Petry Vlhovej.<\/p>\n<p style=\"text-align: justify\">Milo\u0161 Dovi\u010din dyrektor Hotelu SOREA Maj w Liptowskim Janie, powiedzia\u0142: <em><strong>\u201eNa pocz\u0105tku sezonu troch\u0119 sie obawiali\u015bmy, \u017ce niedostatek \u015bniegu mo\u017ce sprawi\u0107, \u017ce tury\u015bci nie przyjada na Lipt\u00f3w. Teraz juz mog\u0119 powiedzie\u0107, \u017ce nie potzrebowali\u015bmy si\u0119 obawiali\u015bmy \u2013 liczba go\u015bci wzros\u0142a w por\u00f3wnaniu z ubieg\u0142orocznym sezonem o 6 proc. Najwi\u0119cej by\u0142o S\u0142owak\u00f3w, ale tradycyjnie dopisali te\u017c czesi i Polacy. Jak s\u0105dz\u0119 na nasze powodzenie mia\u0142o wp\u0142yw bezp\u0142atne po\u0142\u0105czenie skibusem z o\u015brodkiem narciarskim w Jasnej.\u201c<\/strong><\/em><\/p>\n<p style=\"text-align: justify\">W Jasnej i Liptowskim Mikulaszu tury\u015bci rezerwowali pobyty z wi\u0119kszym ni\u017c w poprzednich latach wyprzedzeniem.<\/p>\n<p style=\"text-align: justify\">J\u00e1n Blch\u00e1\u010d prezes Regionalnej Organizacji Ruchu Turystycznego Regionu Liptov, oceni\u0142: <em><strong>\u201eW tym sezonie wygrali\u015bmy wy\u015bcig z czasem. Pocz\u0105tek sezonu nie by\u0142 najlepszy, je\u015bli chodzi o \u015bnieg, ale za to trwa\u0142 d\u0142ugo. Na nartach mn\u00f3stwo go\u015bci je\u017adzi\u0142o w Wielkanoc, na Chopku je\u017adzi si\u0119 tak\u017ce w kwietniu. Podczas Pucharu \u015awiata Lipt\u00f3w odwiedzi\u0142o ponad trzydzie\u015bci tysi\u0119cy go\u015bci, hotele by\u0142y zape\u0142nione, restauracje pracowa\u0142y na 120 proc.\u201c<\/strong><\/em><\/p>\n<p style=\"text-align: justify\">Jednym z popularniejszych hoteli by\u0142 Hotel Strachanovka w Liptowskim Janie. Odnotowano w nim 62. proc. wzrost ob\u0142o\u017cenia pokoj\u00f3w. Najwi\u0119cej by\u0142o Rosjan i W\u0119gr\u00f3w, ale S\u0142owak\u00f3w by\u0142o a\u017c 0 404 proc. wi\u0119cej.<\/p>\n<p style=\"text-align: justify\">Jan Strachan w\u0142a\u015bciciele hotelu skomentowa\u0142: <em><strong>\u201eNaszym atutem jest z pewno\u015bcia kuchnia. Mo\u017cemy pochwali\u0107 si\u0119 najwi\u0119ksz\u0105 ludow\u0105 kolib\u0105 na Liptowie. Innym atutem jest po\u0142o\u017cenie, np. Blisko\u015bc stacji kolejowej w Liptowskim Janie.\u201c<\/strong><\/em><\/p>\n<p style=\"text-align: justify\">L\u00fddia Chovancov\u00e1, dyrektor marketingu aquaparku GINO PRADISE w Beszenowej, doda\u0142a: <em><strong>\u201eTej zimy odwiedzi\u0142o nas o 21 proc., wi\u0119cej go\u015bci ni\u017c w ubieg\u0142ym roku. A\u017c 70 proc. w lutym i marcu stanowili S\u0142owacy, po 12 proc. \u2013 Polacy i Czesi.&#8221;<\/strong><\/em><\/p>\n","protected":false},"excerpt":{"rendered":"<p>Tegoroczny sezon zimowy charakteryzowa\u0142 si\u0119 niesta\u0142a pogod\u0105 i niedostatkiem \u015bwie\u017cego naturalnego \u015bniegu. Mimo to na s\u0142owackim Liptowie s\u0105 zadowoleni z &#8230;<\/p>\n","protected":false},"author":1,"featured_media":165222,"comment_status":"open","ping_status":"closed","sticky":false,"template":"","format":"standard","meta":{"_acf_changed":false,"inline_featured_image":false,"episode_type":"","audio_file":"","cover_image":"","cover_image_id":"","duration":"","filesize":"","date_recorded":"","explicit":"","block":"","filesize_raw":"","footnotes":""},"categories":[26],"tags":[],"podujatia_lokalita":[],"class_list":["post-34382","post","type-post","status-publish","format-standard","has-post-thumbnail","hentry","category-informacje-prasowe"],"acf":[],"_links":{"self":[{"href":"https:\/\/plannervisit.krasno.dev\/pl\/wp-json\/wp\/v2\/posts\/34382"}],"collection":[{"href":"https:\/\/plannervisit.krasno.dev\/pl\/wp-json\/wp\/v2\/posts"}],"about":[{"href":"https:\/\/plannervisit.krasno.dev\/pl\/wp-json\/wp\/v2\/types\/post"}],"author":[{"embeddable":true,"href":"https:\/\/plannervisit.krasno.dev\/pl\/wp-json\/wp\/v2\/users\/1"}],"replies":[{"embeddable":true,"href":"https:\/\/plannervisit.krasno.dev\/pl\/wp-json\/wp\/v2\/comments?post=34382"}],"version-history":[{"count":0,"href":"https:\/\/plannervisit.krasno.dev\/pl\/wp-json\/wp\/v2\/posts\/34382\/revisions"}],"wp:featuredmedia":[{"embeddable":true,"href":"https:\/\/plannervisit.krasno.dev\/pl\/wp-json\/wp\/v2\/media\/165222"}],"wp:attachment":[{"href":"https:\/\/plannervisit.krasno.dev\/pl\/wp-json\/wp\/v2\/media?parent=34382"}],"wp:term":[{"taxonomy":"category","embeddable":true,"href":"https:\/\/plannervisit.krasno.dev\/pl\/wp-json\/wp\/v2\/categories?post=34382"},{"taxonomy":"post_tag","embeddable":true,"href":"https:\/\/plannervisit.krasno.dev\/pl\/wp-json\/wp\/v2\/tags?post=34382"},{"taxonomy":"lokalita","embeddable":true,"href":"https:\/\/plannervisit.krasno.dev\/pl\/wp-json\/wp\/v2\/podujatia_lokalita?post=34382"}],"curies":[{"name":"wp","href":"https:\/\/api.w.org\/{rel}","templated":true}]}}